{"id":595,"date":"2024-03-25T02:39:30","date_gmt":"2024-03-25T02:39:30","guid":{"rendered":"https:\/\/e-straus.net\/?p=595"},"modified":"2024-03-26T15:16:21","modified_gmt":"2024-03-26T15:16:21","slug":"ne-ribnik-ne-luza","status":"publish","type":"post","link":"https:\/\/e-straus.net\/?p=595","title":{"rendered":"Ne ribnik ne lu\u017ea"},"content":{"rendered":"\n<p> No, to je ta na\u0161a mlaka. <\/p>\n\n\n\n<figure class=\"wp-block-image size-large\"><a href=\"https:\/\/e-straus.net\/wp-content\/uploads\/2024\/03\/z-vzhoda-small.jpg\"><img loading=\"lazy\" decoding=\"async\" width=\"1024\" height=\"768\" src=\"https:\/\/e-straus.net\/wp-content\/uploads\/2024\/03\/z-vzhoda-small-1024x768.jpg\" alt=\"\" class=\"wp-image-594\" srcset=\"https:\/\/e-straus.net\/wp-content\/uploads\/2024\/03\/z-vzhoda-small-1024x768.jpg 1024w, https:\/\/e-straus.net\/wp-content\/uploads\/2024\/03\/z-vzhoda-small-300x225.jpg 300w, https:\/\/e-straus.net\/wp-content\/uploads\/2024\/03\/z-vzhoda-small-768x576.jpg 768w, https:\/\/e-straus.net\/wp-content\/uploads\/2024\/03\/z-vzhoda-small.jpg 1200w\" sizes=\"auto, (max-width: 1024px) 100vw, 1024px\" \/><\/a><\/figure>\n\n\n\n<p> Nastala je tako, da smo izkopali kotanjo za ribnik, ki pa ga zaradi lanskoletnih ujm nismo mogli dokon\u010dati. V izkopu se je nabrala voda, ki so jo na\u0161e reziden\u010dne dvo\u017eivke vzele za svojo in v njej naredile ve\u010d mrestov. Za letos ka\u017ee, da bo to pa\u010d ostala mlaka, zato moram njene prebivalce nekako za\u0161\u010dititi. Lokalna termodinamika je taka, da nad nami kro\u017ei vse \u017eivo perjadi, nedale\u010d pa so reka, potoki in jezero, tako bo zagotovo prihajalo do plenilskih pohodov vodnih ptic. Na sre\u010do nekaj malega varnosti zagotavljajo ujede, ki tukaj gnezdijo. (Pozorno oko bo na zgornji fotki opazilo kanjo, ki ravno in\u0161picira teren.)<\/p>\n\n\n\n<p><\/p>\n\n\n\n<figure class=\"wp-block-image size-large\"><a href=\"https:\/\/e-straus.net\/wp-content\/uploads\/2024\/03\/z-zahoda-small.jpg\"><img loading=\"lazy\" decoding=\"async\" width=\"1024\" height=\"768\" src=\"https:\/\/e-straus.net\/wp-content\/uploads\/2024\/03\/z-zahoda-small-1024x768.jpg\" alt=\"\" class=\"wp-image-591\" srcset=\"https:\/\/e-straus.net\/wp-content\/uploads\/2024\/03\/z-zahoda-small-1024x768.jpg 1024w, https:\/\/e-straus.net\/wp-content\/uploads\/2024\/03\/z-zahoda-small-300x225.jpg 300w, https:\/\/e-straus.net\/wp-content\/uploads\/2024\/03\/z-zahoda-small-768x576.jpg 768w, https:\/\/e-straus.net\/wp-content\/uploads\/2024\/03\/z-zahoda-small.jpg 1200w\" sizes=\"auto, (max-width: 1024px) 100vw, 1024px\" \/><\/a><\/figure>\n\n\n\n<p>Iz zgornje slike se da razvideti, da mlaka le\u017ei na dnu globokega dela kotanje, ki je na severu zamejena s strmim bregom, na jugu pa z nasipom. V bistvu je to zelo \u0161iroka terasa s poglobljenim srednjim delom.  Le\u017ei na sredini pobo\u010dja, ki se z vrha hrib\u010dka (420 m n.v.) spusti v grapo (320 m n.v.). Trenutno meteorne vode prosto te\u010dejo v kotanjo. Teren je iz laporja, ki vsebuje nekaj gline in gleja, nasip, ki zapira kotanjo na ju\u017eni strani, pa je iz me\u0161anega materiala.  Vodostaj, ki ga vidimo na fotografiji, je tista koli\u010dina vode, ki vztraja ne glede na vreme. Vi\u0161ki pa hitro poniknejo, za moje pojme \u0161e prehitro.<\/p>\n\n\n\n<p><\/p>\n\n\n\n<figure class=\"wp-block-image size-large\"><a href=\"https:\/\/e-straus.net\/wp-content\/uploads\/2024\/03\/ob-nalivu.jpg\"><img loading=\"lazy\" decoding=\"async\" width=\"1024\" height=\"576\" src=\"https:\/\/e-straus.net\/wp-content\/uploads\/2024\/03\/ob-nalivu-1024x576.jpg\" alt=\"\" class=\"wp-image-596\" srcset=\"https:\/\/e-straus.net\/wp-content\/uploads\/2024\/03\/ob-nalivu-1024x576.jpg 1024w, https:\/\/e-straus.net\/wp-content\/uploads\/2024\/03\/ob-nalivu-300x169.jpg 300w, https:\/\/e-straus.net\/wp-content\/uploads\/2024\/03\/ob-nalivu-768x432.jpg 768w, https:\/\/e-straus.net\/wp-content\/uploads\/2024\/03\/ob-nalivu.jpg 1200w\" sizes=\"auto, (max-width: 1024px) 100vw, 1024px\" \/><\/a><\/figure>\n\n\n\n<p>Kotanja ob nalivih funkcionira kot polsuhi zadr\u017eevalnik, ki prestre\u017ee vodo s pobo\u010dja, da ta ne odte\u010de prenaglo. Takole je bilo videti, ko so povsem sve\u017ee izdelan, skrbno oblikovan izkop za ribnik zalile in zveri\u017eile ujme. \u010ce ne drugega, pa se vsaj ni vse skupaj odpeljalo v grapo, tako kot so se drugod po dr\u017eavi cele vasi, temve\u010d je lepo po\u010dakalo, kjer je. Tudi to je ogromno vredno.<\/p>\n\n\n\n<p><\/p>\n\n\n\n<figure class=\"wp-block-image size-large\"><a href=\"https:\/\/e-straus.net\/wp-content\/uploads\/2024\/03\/od-blize-small.jpg\"><img loading=\"lazy\" decoding=\"async\" width=\"1024\" height=\"768\" src=\"https:\/\/e-straus.net\/wp-content\/uploads\/2024\/03\/od-blize-small-1024x768.jpg\" alt=\"\" class=\"wp-image-592\" srcset=\"https:\/\/e-straus.net\/wp-content\/uploads\/2024\/03\/od-blize-small-1024x768.jpg 1024w, https:\/\/e-straus.net\/wp-content\/uploads\/2024\/03\/od-blize-small-300x225.jpg 300w, https:\/\/e-straus.net\/wp-content\/uploads\/2024\/03\/od-blize-small-768x576.jpg 768w, https:\/\/e-straus.net\/wp-content\/uploads\/2024\/03\/od-blize-small.jpg 1200w\" sizes=\"auto, (max-width: 1024px) 100vw, 1024px\" \/><\/a><\/figure>\n\n\n\n<p>Kotanja je dolga vsega skupaj 30 m in \u0161iroka 10 m, globoka do 2 metra. Mlaka (pribli\u017eno 3,5 x 8 m) je nastala v njenem najglobljem delu, ki je vkopan v glej, torej tisto modrikasto sivo glini podobno prst, ki jo vidimo tudi na levi strani fotografije; ta najgloblji del je vodotesen, preostalo pa o\u010ditno ne.  Mlaka dose\u017ee globino pribli\u017eno 40 cm.<\/p>\n\n\n\n<p><\/p>\n\n\n\n<figure class=\"wp-block-image size-large\"><a href=\"https:\/\/e-straus.net\/wp-content\/uploads\/2024\/03\/paglavci-small.jpg\"><img loading=\"lazy\" decoding=\"async\" width=\"1024\" height=\"768\" src=\"https:\/\/e-straus.net\/wp-content\/uploads\/2024\/03\/paglavci-small-1024x768.jpg\" alt=\"\" class=\"wp-image-593\" srcset=\"https:\/\/e-straus.net\/wp-content\/uploads\/2024\/03\/paglavci-small-1024x768.jpg 1024w, https:\/\/e-straus.net\/wp-content\/uploads\/2024\/03\/paglavci-small-300x225.jpg 300w, https:\/\/e-straus.net\/wp-content\/uploads\/2024\/03\/paglavci-small-768x576.jpg 768w, https:\/\/e-straus.net\/wp-content\/uploads\/2024\/03\/paglavci-small.jpg 1200w\" sizes=\"auto, (max-width: 1024px) 100vw, 1024px\" \/><\/a><\/figure>\n\n\n\n<p>Prvi paglav\u010dki. Na posestvu \u017eivijo krasta\u010de, \u017eabe in mo\u010deradi, tako da ne bi bila presene\u010dena, \u010de bi v mlaki migotalo potomstvo vseh. Vse \u010drno jih je bilo, a ko sem pri\u0161la \u010dez nekaj dni, sem pa komaj kak\u0161nega na\u0161la. Morda so se poskrili, morda pa so mlako obiskale race. Sumljiva mi je tudi odsotnost odraslih primerkov v bli\u017eini mlake, in upam, da jih ni kaj pojedlo.<\/p>\n\n\n\n<p>Trenutno se spra\u0161ujem,  ali je kak\u0161na realna mo\u017enost, da se kotanja v doglednem \u010dasu &#8220;samozatesni&#8221;. Prvotni na\u010drt je bil zatesnitev s folijo, zdaj pa razmi\u0161ljam, ali bi morda \u0161lo po naravni poti. Seveda sku\u0161am ugotoviti tudi to, kako opremiti mlako in kaj zasaditi, da bo sistem \u010dim stabilnej\u0161i in da bo omogo\u010dal osnovno varnost za svoje prebivalce (zavetje, kisik, kemijsko ravnovesje). <\/p>\n","protected":false},"excerpt":{"rendered":"<p>No, to je ta na\u0161a mlaka. Nastala je tako, da smo izkopali kotanjo za ribnik, ki pa ga zaradi lanskoletnih ujm nismo mogli dokon\u010dati. V izkopu se je nabrala voda, ki so jo na\u0161e reziden\u010dne dvo\u017eivke vzele za svojo in v njej naredile ve\u010d mrestov. Za letos ka\u017ee, da bo to pa\u010d ostala mlaka, zato &hellip; <a href=\"https:\/\/e-straus.net\/?p=595\" class=\"more-link\">Continue reading <span class=\"screen-reader-text\">Ne ribnik ne lu\u017ea<\/span> <span class=\"meta-nav\">&rarr;<\/span><\/a><\/p>\n","protected":false},"author":1,"featured_media":0,"comment_status":"closed","ping_status":"closed","sticky":false,"template":"","format":"standard","meta":{"footnotes":""},"categories":[19,5,12,7],"tags":[],"class_list":["post-595","post","type-post","status-publish","format-standard","hentry","category-animals","category-photos","category-slovenia","category-objave-v-slovenskem-jeziku"],"_links":{"self":[{"href":"https:\/\/e-straus.net\/index.php?rest_route=\/wp\/v2\/posts\/595","targetHints":{"allow":["GET"]}}],"collection":[{"href":"https:\/\/e-straus.net\/index.php?rest_route=\/wp\/v2\/posts"}],"about":[{"href":"https:\/\/e-straus.net\/index.php?rest_route=\/wp\/v2\/types\/post"}],"author":[{"embeddable":true,"href":"https:\/\/e-straus.net\/index.php?rest_route=\/wp\/v2\/users\/1"}],"replies":[{"embeddable":true,"href":"https:\/\/e-straus.net\/index.php?rest_route=%2Fwp%2Fv2%2Fcomments&post=595"}],"version-history":[{"count":7,"href":"https:\/\/e-straus.net\/index.php?rest_route=\/wp\/v2\/posts\/595\/revisions"}],"predecessor-version":[{"id":606,"href":"https:\/\/e-straus.net\/index.php?rest_route=\/wp\/v2\/posts\/595\/revisions\/606"}],"wp:attachment":[{"href":"https:\/\/e-straus.net\/index.php?rest_route=%2Fwp%2Fv2%2Fmedia&parent=595"}],"wp:term":[{"taxonomy":"category","embeddable":true,"href":"https:\/\/e-straus.net\/index.php?rest_route=%2Fwp%2Fv2%2Fcategories&post=595"},{"taxonomy":"post_tag","embeddable":true,"href":"https:\/\/e-straus.net\/index.php?rest_route=%2Fwp%2Fv2%2Ftags&post=595"}],"curies":[{"name":"wp","href":"https:\/\/api.w.org\/{rel}","templated":true}]}}